{"id":17974,"date":"2016-01-15T00:00:00","date_gmt":"2016-01-15T04:00:00","guid":{"rendered":"http:\/\/fepada.org\/?p=17974"},"modified":"2018-05-09T20:36:20","modified_gmt":"2018-05-10T00:36:20","slug":"convocatoria-sudamericano-absoluto","status":"publish","type":"post","link":"https:\/\/fepada.org\/?p=17974","title":{"rendered":"Convocatoria Sudamericano Absoluto\u00bb"},"content":{"rendered":"<h2 class=&quot;rmSubject&quot; style=&quot;line-height: 29.9904px; font-size: 21.12px; font-family: 'Segoe UI Light', 'Segoe UI Web Light', 'Segoe UI Web Regular', 'Segoe UI', 'Segoe UI Symbol', HelveticaNeue-Light, 'Helvetica Neue', Arial, sans-serif; font-weight: normal; margin: 0px 0px 13px; padding-top: 2px; color: #444444;&quot;><\/h2>\n<h2 class=&quot;rmSubject&quot; style=&quot;line-height: 29.9904px; font-size: 21.12px; font-family: 'Segoe UI Light', 'Segoe UI Web Light', 'Segoe UI Web Regular', 'Segoe UI', 'Segoe UI Symbol', HelveticaNeue-Light, 'Helvetica Neue', Arial, sans-serif; font-weight: normal; margin: 0px 0px 13px; padding-top: 2px; color: #444444;&quot;>Convocatoria Sudamericano Absoluto&rlm;<\/h2>\n<p>La Federaci&oacute;n Paraguaya de Deportes Acu&aacute;ticos &#8211; FEPADA, comunica a los clubes afiliados que en reuni&oacute;n del Comit&eacute; Ejecutivo se ha dado la n&oacute;mina de los clasificados para el Sudamericano Absoluto, que se llevara a cabo en la ciudad de Asunci&oacute;n, Paraguay, del 28 de marzo al 04 de abril del a&ntilde;o en curso; Selecci&oacute;n nacional de nataci&oacute;n &#8211; Sudamericano Absoluto 2016 FEMENINO MASCULINO Karen Riveros Renato Prono Nicole Rautemberg Benjam&iacute;n Hockin Mar&iacute;a Jos&eacute; Arr&uacute;a Charles Hockin Sof&iacute;a Magali L&oacute;pez Mat&iacute;as L&oacute;pez Sophia Ortiz Maximiliano Abreu Florencia Prono William Vallejos Alma Castillo Carlos Orihuela Stefania Piccardo Ivo Kunzle Erika Gim&eacute;nez Sebasti&aacute;n Paredes Ana Jara Mat&iacute;as Zacar&iacute;as Laura Orihuela Pablo Rautemberg Paloma Zacar&iacute;as Cesar Ortiz Melissa Escobar Alfredo Yaluk Ximena Herrera Luis Cardozo S1: Mar&iacute;a Rebeca Da Silva S2: Valentina Poletti S1: Matheo Mateos S2: Carlos Da Silva Los nadadores deber&aacute;n confirmar su participaci&oacute;n hasta el mi&eacute;rcoles 20 de enero a las 12:00 Hs. a trav&eacute;s de una nota que podr&aacute; ser remitida al correo (secretaria@fepana.org.py)<\/p>\n","protected":false},"excerpt":{"rendered":"<p>La Federaci\u00f3n Paraguaya de Deportes Acu\u00e1ticos &#8211; FEPADA, comunica a los clubes<br \/>\nafiliados que en reuni\u00f3n del Comit\u00e9 Ejecutivo se ha dado la n\u00f3mina de los clasificados<br \/>\npara el Sudamericano Absoluto, que se llevara a cabo en la ciudad de Asun<\/p>\n","protected":false},"author":28,"featured_media":0,"comment_status":"open","ping_status":"closed","sticky":false,"template":"","format":"standard","meta":{"_acf_changed":false,"footnotes":""},"categories":[88],"tags":[],"class_list":["post-17974","post","type-post","status-publish","format-standard","hentry","category-informacion"],"acf":[],"_links":{"self":[{"href":"https:\/\/fepada.org\/index.php?rest_route=\/wp\/v2\/posts\/17974","targetHints":{"allow":["GET"]}}],"collection":[{"href":"https:\/\/fepada.org\/index.php?rest_route=\/wp\/v2\/posts"}],"about":[{"href":"https:\/\/fepada.org\/index.php?rest_route=\/wp\/v2\/types\/post"}],"author":[{"embeddable":true,"href":"https:\/\/fepada.org\/index.php?rest_route=\/wp\/v2\/users\/28"}],"replies":[{"embeddable":true,"href":"https:\/\/fepada.org\/index.php?rest_route=%2Fwp%2Fv2%2Fcomments&post=17974"}],"version-history":[{"count":1,"href":"https:\/\/fepada.org\/index.php?rest_route=\/wp\/v2\/posts\/17974\/revisions"}],"predecessor-version":[{"id":18114,"href":"https:\/\/fepada.org\/index.php?rest_route=\/wp\/v2\/posts\/17974\/revisions\/18114"}],"wp:attachment":[{"href":"https:\/\/fepada.org\/index.php?rest_route=%2Fwp%2Fv2%2Fmedia&parent=17974"}],"wp:term":[{"taxonomy":"category","embeddable":true,"href":"https:\/\/fepada.org\/index.php?rest_route=%2Fwp%2Fv2%2Fcategories&post=17974"},{"taxonomy":"post_tag","embeddable":true,"href":"https:\/\/fepada.org\/index.php?rest_route=%2Fwp%2Fv2%2Ftags&post=17974"}],"curies":[{"name":"wp","href":"https:\/\/api.w.org\/{rel}","templated":true}]}}