{"id":17963,"date":"2015-10-14T00:00:00","date_gmt":"2015-10-14T04:00:00","guid":{"rendered":"http:\/\/fepada.org\/?p=17963"},"modified":"2018-05-09T20:38:12","modified_gmt":"2018-05-10T00:38:12","slug":"comunicado-urgente-cancelacion-promesas-del-cono-sur","status":"publish","type":"post","link":"https:\/\/fepada.org\/?p=17963","title":{"rendered":"Comunicado urgente &#8211; Cancelaci\u00f3n Promesas del Cono Sur\u00bb"},"content":{"rendered":"<div style=&quot;line-height: 21.3px; color: #444444; font-family: Calibri, sans-serif; font-size: 15px;&quot;><span style=&quot;line-height: normal; color: #0b5394; font-size: medium;&quot;><strong style=&quot;line-height: 25.56px;&quot;>COMUNICADO URGENTE<\/strong><\/span><\/p>\n<div style=&quot;line-height: 18.176px; font-size: 12.8px;&quot;><span style=&quot;line-height: normal; color: #0b5394; font-size: medium;&quot;><strong style=&quot;line-height: 25.56px;&quot;>Por este medio la Federaci&oacute;n Paraguaya de&nbsp;Nataci&oacute;n, comunica que fue postergada la&nbsp;realizaci&oacute;n&nbsp;del Torneo Promesas del&nbsp;Cono Sur para otra fecha a confirmar.-<\/strong><\/span><\/div>\n<div style=&quot;line-height: 18.176px; font-size: 12.8px;&quot;><span style=&quot;line-height: normal; color: #0b5394; font-size: medium;&quot;><strong style=&quot;line-height: 25.56px;&quot;><br style=&quot;line-height: 25.56px;&quot; \/><\/strong><\/span><\/div>\n<div style=&quot;line-height: 18.176px; font-size: 12.8px;&quot;><span style=&quot;line-height: normal; color: #0b5394; font-size: medium;&quot;><strong style=&quot;line-height: 25.56px;&quot;>La organizaci&oacute;n del Torneo a resuelto postergar el evento deportivo debido a las intensas lluvias ca&iacute;das en la ciudad de Saltos, hecho que ha causado una inundaci&oacute;n que afecta directamente al Club Remeros de Saltos, donde estaba previsto la realizaci&oacute;n de las competencias.-<\/strong><\/span><\/div>\n<p><span class=&quot;ecxim&quot; style=&quot;line-height: 18.176px; font-size: 12.8px;&quot;><\/p>\n<div style=&quot;line-height: 18.176px;&quot;><span style=&quot;line-height: normal; color: #0b5394; font-size: medium;&quot;><strong style=&quot;line-height: 25.56px;&quot;><br style=&quot;line-height: 25.56px;&quot; \/><\/strong><\/span><\/div>\n<div style=&quot;line-height: 18.176px;&quot;><span style=&quot;line-height: normal; color: #0b5394; font-size: medium;&quot;><strong style=&quot;line-height: 25.56px;&quot;>El&nbsp;Comit&eacute;&nbsp;Organizador&nbsp;estar&aacute;&nbsp;emitiendo en la brevedad posible la fecha de la competencia.-<\/strong><\/span><\/div>\n<div style=&quot;line-height: 18.176px;&quot;><span style=&quot;line-height: normal; color: #0b5394; font-size: medium;&quot;><strong style=&quot;line-height: 25.56px;&quot;><br style=&quot;line-height: 25.56px;&quot; \/><\/strong><\/span><\/div>\n<p><\/span><\/p>\n<div style=&quot;line-height: 18.176px; font-size: 12.8px;&quot;><span style=&quot;line-height: normal; color: #0b5394; font-size: medium;&quot;><strong style=&quot;line-height: 25.56px;&quot;>Desde ya se agradece la compresi&oacute;n de atletas, clubes y familias involucradas en este evento, ya que se trata de un imponderable ajeno al manejo de nuestra Federaci&oacute;n.-<\/strong><\/span><\/div>\n<\/div>\n<div style=&quot;line-height: 18.176px; color: #444444; font-family: Calibri, sans-serif; font-size: 12.8px;&quot;><span style=&quot;line-height: normal; color: #0b5394; font-size: medium;&quot;><strong style=&quot;line-height: 25.56px;&quot;><br style=&quot;line-height: 25.56px;&quot; \/><\/strong><\/span><\/div>\n<div style=&quot;line-height: 21.3px; color: #444444; font-family: Calibri, sans-serif; font-size: 15px;&quot;><span style=&quot;line-height: normal; color: #0b5394; font-size: medium;&quot;><strong style=&quot;line-height: 25.56px;&quot;>A&nbsp;continuaci&oacute;n e-mail&nbsp;enviado&nbsp;por la&nbsp;Federaci&oacute;n&nbsp;Uruguaya de&nbsp;Nataci&oacute;n,&nbsp;<\/strong><\/span><\/div>\n<div style=&quot;line-height: 21.3px; color: #444444; font-family: Calibri, sans-serif; font-size: 15px;&quot;><\/div>\n<div style=&quot;line-height: 21.3px; color: #444444; font-family: Calibri, sans-serif; font-size: 15px;&quot;>\n<div class=&quot;rmTop t_mbgc&quot; style=&quot;line-height: 19.9936px; position: relative; padding: 5px 0px 0px; z-index: 35; margin-right: 17px;&quot;><\/div>\n<div id=&quot;ReadMessageScrollableSection&quot; class=&quot;rmMessages ClearBoth&quot; style=&quot;line-height: 19.9936px; clear: both; position: absolute; left: 0px; right: 0px; top: 0px; bottom: 0px; padding-right: 20px; overflow-y: scroll; outline: none;&quot;>\n<div class=&quot;rmTopSpacer rmTop&quot; style=&quot;line-height: 19.9936px; position: relative; padding: 5px 0px 0px; z-index: 0; margin-right: 0px; opacity: 0;&quot;>\n<div class=&quot;rmButtons&quot; style=&quot;line-height: 19.9936px; float: right; white-space: nowrap; margin-top: 8px; margin-right: 0px;&quot;><span class=&quot;rmPrev&quot; style=&quot;line-height: 19.9936px; display: inline-block; vertical-align: middle; padding: 0px 3px;&quot;><img class=&quot;i_rm_p&quot; style=&quot;line-height: 19.9936px; width: 16px; height: 16px; overflow: hidden; background-image: url(https:\/\/a.gfx.ms\/strip_metro7.png); background-attachment: scroll; background-color: transparent; background-position: -79px -126px; background-repeat: no-repeat;&quot; src=&quot;https:\/\/col126.mail.live.com\/ol\/clear.gif&quot; alt=&quot;&quot; \/><\/span><span class=&quot;rmNext&quot; style=&quot;line-height: 19.9936px; display: inline-block; vertical-align: middle; padding: 0px 3px;&quot;><img class=&quot;i_rm_n&quot; style=&quot;line-height: 19.9936px; width: 16px; height: 16px; overflow: hidden; background-image: url(https:\/\/a.gfx.ms\/strip_metro7.png); background-attachment: scroll; background-color: transparent; background-position: -79px -160px; background-repeat: no-repeat;&quot; src=&quot;https:\/\/col126.mail.live.com\/ol\/clear.gif&quot; alt=&quot;&quot; \/><\/span><span class=&quot;rmClose &quot; style=&quot;line-height: 19.9936px; display: inline-block; vertical-align: middle; padding: 0px 0px 0px 6px;&quot;><img class=&quot;g_close&quot; style=&quot;line-height: 19.9936px; width: 11px; height: 11px; overflow: hidden; background-image: url(https:\/\/a.gfx.ms\/strip_metro7.png); background-attachment: scroll; background-color: transparent; background-position: -86px -1px; background-repeat: no-repeat;&quot; src=&quot;https:\/\/col126.mail.live.com\/ol\/clear.gif&quot; alt=&quot;&quot; \/><\/span><\/div>\n<h2 class=&quot;rmSubject&quot; style=&quot;line-height: 29.9904px; font-size: 21.12px; font-family: 'Segoe UI Light', 'Segoe UI Web Light', 'Segoe UI Web Regular', 'Segoe UI', 'Segoe UI Symbol', HelveticaNeue-Light, 'Helvetica Neue', Arial, sans-serif; font-weight: normal; margin: 0px -20px 13px 0px; padding-top: 2px;&quot;>FW: Comunicado urgente &#8211; Cancelaci&oacute;n Promesas del Cono Sur<\/h2>\n<p>&nbsp;<\/p>\n<p>&nbsp;<\/p>\n<p>&nbsp;<\/p>\n<p>&nbsp;<\/p>\n<p>&nbsp;<\/p>\n<p>&nbsp;<\/p>\n<p>&nbsp;<\/p>\n<p>&nbsp;<\/p>\n<p>&nbsp;<\/p>\n<p>&nbsp;<\/p>\n<p>&nbsp;<\/p>\n<p>&nbsp;<\/p>\n<p>&nbsp;<\/p>\n<p>&nbsp;<\/p>\n<\/div>\n<\/div>\n<\/div>\n<div><span style=&quot;font-size: small;&quot;>Estimados,<br style=&quot;line-height: 22.72px;&quot; \/><br style=&quot;line-height: 22.72px;&quot; \/>lamentablemente tenemos que&nbsp;<span style=&quot;line-height: 22.72px; text-decoration: underline;&quot;><strong style=&quot;line-height: 22.72px;&quot;>suspender la realizaci&oacute;n del Torneo Conosur.<\/strong><\/span>..debajo presentamos informes de pron&oacute;sticos del avance del agua en el R&iacute;o Uruguay.<br style=&quot;line-height: 22.72px;&quot; \/><br style=&quot;line-height: 22.72px;&quot; \/>El mismo llegar&iacute;a ma&ntilde;ana a inundar las piscinas donde estaba previsto realizar las competencias. Escapa a las variables que podemos controlar.<br style=&quot;line-height: 22.72px;&quot; \/><br style=&quot;line-height: 22.72px;&quot; \/>El agua, ya se encuentra a metro de las piscinas&#8230;.<br style=&quot;line-height: 22.72px;&quot; \/><br style=&quot;line-height: 22.72px;&quot; \/>Esperamos sepan disculpar, no depende de nosotros&#8230;.la idea es realizarlo a la brevedad, les comunicaremos fecha alternativa, que no coincida con Torneos Internacionales.<br style=&quot;line-height: 22.72px;&quot; \/><br style=&quot;line-height: 22.72px;&quot; \/>Estamos para lo que puedan necesitar&#8230;..<br style=&quot;line-height: 22.72px;&quot; \/><br style=&quot;line-height: 22.72px;&quot; \/><br style=&quot;line-height: 22.72px;&quot; \/>Grisela Villar&nbsp;&nbsp;&nbsp;&nbsp;&nbsp;&nbsp;&nbsp;&nbsp;&nbsp;&nbsp;&nbsp;&nbsp; Ver&oacute;nica Stanham<\/span><br style=&quot;line-height: 18.9333px; font-family: Helvetica; font-size: 13.3333px;&quot; \/><span style=&quot;font-family: Helvetica; font-size: 13.3333px; line-height: 18.9333px;&quot;>&nbsp; Secr,Gral. &nbsp; &nbsp; &nbsp; &nbsp; &nbsp;&nbsp;&nbsp;&nbsp;&nbsp;&nbsp; &nbsp;&nbsp; &nbsp;&nbsp;&nbsp;&nbsp; &nbsp;&nbsp; Presidente<\/span><\/div>\n","protected":false},"excerpt":{"rendered":"<p>COMUNICADO URGENTE<br \/>\nPor este medio la Federaci\u00f3n Paraguaya de Nataci\u00f3n, comunica que fue postergada la realizaci\u00f3n del Torneo Promesas del Cono Sur para otra fecha a confirmar.-<\/p>\n<p>La organizaci\u00f3n del Torneo a resuelto postergar el evento depo<\/p>\n","protected":false},"author":28,"featured_media":0,"comment_status":"open","ping_status":"closed","sticky":false,"template":"","format":"standard","meta":{"_acf_changed":false,"footnotes":""},"categories":[88],"tags":[],"class_list":["post-17963","post","type-post","status-publish","format-standard","hentry","category-informacion"],"acf":[],"_links":{"self":[{"href":"https:\/\/fepada.org\/index.php?rest_route=\/wp\/v2\/posts\/17963","targetHints":{"allow":["GET"]}}],"collection":[{"href":"https:\/\/fepada.org\/index.php?rest_route=\/wp\/v2\/posts"}],"about":[{"href":"https:\/\/fepada.org\/index.php?rest_route=\/wp\/v2\/types\/post"}],"author":[{"embeddable":true,"href":"https:\/\/fepada.org\/index.php?rest_route=\/wp\/v2\/users\/28"}],"replies":[{"embeddable":true,"href":"https:\/\/fepada.org\/index.php?rest_route=%2Fwp%2Fv2%2Fcomments&post=17963"}],"version-history":[{"count":1,"href":"https:\/\/fepada.org\/index.php?rest_route=\/wp\/v2\/posts\/17963\/revisions"}],"predecessor-version":[{"id":18145,"href":"https:\/\/fepada.org\/index.php?rest_route=\/wp\/v2\/posts\/17963\/revisions\/18145"}],"wp:attachment":[{"href":"https:\/\/fepada.org\/index.php?rest_route=%2Fwp%2Fv2%2Fmedia&parent=17963"}],"wp:term":[{"taxonomy":"category","embeddable":true,"href":"https:\/\/fepada.org\/index.php?rest_route=%2Fwp%2Fv2%2Fcategories&post=17963"},{"taxonomy":"post_tag","embeddable":true,"href":"https:\/\/fepada.org\/index.php?rest_route=%2Fwp%2Fv2%2Ftags&post=17963"}],"curies":[{"name":"wp","href":"https:\/\/api.w.org\/{rel}","templated":true}]}}