{"id":17949,"date":"2015-08-28T00:00:00","date_gmt":"2015-08-28T04:00:00","guid":{"rendered":"http:\/\/fepada.org\/?p=17949"},"modified":"2018-05-09T21:31:58","modified_gmt":"2018-05-10T01:31:58","slug":"copa-austral-de-natacion-convocatoria","status":"publish","type":"post","link":"https:\/\/fepada.org\/?p=17949","title":{"rendered":"COPA AUSTRAL DE NATACION   CONVOCATORIA"},"content":{"rendered":"<p><\/p>\n<p class=\"&quot;MsoNormal&quot;\"><span lang=\"&quot;ES-TRAD&quot;\">La Confederaci\u00f3n Argentina<\/span><span lang=\"&quot;ES-TRAD&quot;\"> de Nataci\u00f3n realizar\u00e1 la \u00a0Copa Austral de Nataci\u00f3n en la piscina del <em>CLUB ATLETICO ALL BOYS, Ciudad DE SANTA ROSA, LA PAMPA LOS DIAS \u00a021 \u201322 y 23 de Noviembre de 2015.<\/em><\/span><\/p>\n<ul type=\"&quot;disc&quot;\">\n<li class=\"&quot;MsoNormal&quot;\"><em><span lang=\"&quot;ES-TRAD&quot;\">En caso de disputarse una segunda vuelta electoral en las elecciones presidenciales en Argentina se adelantar\u00e1 un d\u00eda es decir entre 20 y22 de Noviembre. <\/span><\/em><\/li>\n<\/ul>\n<p class=\"&quot;MsoNormal&quot;\"><span lang=\"&quot;ES-TRAD&quot;\">Atento al deseo de propender al desarrollo del deporte en Sud\u00e1merica Los pa\u00edses miembros Argentina-Chile y Uruguay podr\u00e1n de acordar la participaci\u00f3n de pa\u00edses invitados.<\/span><\/p>\n<p class=\"&quot;MsoNormal&quot;\"><em><span lang=\"&quot;ES-TRAD&quot;\">\u00a0<\/span><\/em><\/p>\n<p class=\"&quot;MsoNormal&quot;\"><em><span lang=\"&quot;ES-TRAD&quot;\">Categor\u00edas:<\/span><\/em><\/p>\n<p class=\"&quot;MsoNormal&quot;\"><span lang=\"&quot;ES-TRAD&quot;\">Se disputar\u00e1n en las siguientes categor\u00edas:<\/span><\/p>\n<p class=\"&quot;MsoNormal&quot;\"><span lang=\"&quot;ES-TRAD&quot;\">\u00a0<\/span><\/p>\n<p class=\"&quot;MsoNormal&quot;\"><span lang=\"&quot;ES-TRAD&quot;\">MENORES 2003\/02<\/span><\/p>\n<p class=\"&quot;MsoNormal&quot;\"><span lang=\"&quot;ES-TRAD&quot;\">CADETES \u00a02001\/00<\/span><\/p>\n<p class=\"&quot;MsoNormal&quot;\"><span lang=\"&quot;ES-TRAD&quot;\">JUVENILES 1999\/98\/97 <\/span><\/p>\n<p class=\"&quot;MsoNormal&quot;\"><span lang=\"&quot;ES-TRAD&quot;\">\u00a0<\/span><\/p>\n<p class=\"&quot;MsoNormal&quot;\"><span lang=\"&quot;ES-TRAD&quot;\">\u00a0cumplidos al 1\u00ba de enero de 2015.<\/span><\/p>\n<p class=\"&quot;MsoNormal&quot;\"><span lang=\"&quot;ES-TRAD&quot;\">\u00a0<\/span><\/p>\n<p class=\"&quot;MsoNormal&quot;\"><em><span lang=\"&quot;ES-TRAD&quot;\">Programa de Pruebas<\/span><\/em><\/p>\n<p class=\"&quot;MsoNormal&quot;\"><span lang=\"&quot;ES-TRAD&quot;\">El Programa de pruebas del Campeonato se encuentra como Anexo 1<\/span><\/p>\n<p class=\"&quot;MsoNormal&quot;\"><span lang=\"&quot;ES-TRAD&quot;\">\u00a0<\/span><\/p>\n<p class=\"&quot;MsoNormal&quot;\"><em><span lang=\"&quot;ES-TRAD&quot;\">Inscripciones:<\/span><\/em><\/p>\n<p class=\"&quot;MsoNormal&quot;\"><em><span lang=\"&quot;ES-TRAD&quot;\">\u00a0<\/span><\/em><\/p>\n<p class=\"&quot;MsoNormal&quot;\"><span lang=\"&quot;ES-TRAD&quot;\">Preliminar<\/span><span lang=\"&quot;ES-TRAD&quot;\">: los pa\u00edses deber\u00e1n confirmar su participaci\u00f3n antes del d\u00eda antes del 15 de septiembre de 2015, indicando el n\u00famero de miembros de la delegaci\u00f3n definitiva.<\/span><\/p>\n<p class=\"&quot;MsoNormal&quot;\"><span lang=\"&quot;ES-TRAD&quot;\">Definitiva<\/span><span lang=\"&quot;ES-TRAD&quot;\">: los pa\u00edses participantes deber\u00e1n remitir a la CADDA\u00a0 a m\u00e1s tardar el d\u00eda 5 de octubre la siguiente informaci\u00f3n:<\/span><\/p>\n<p class=\"&quot;MsoNormal&quot;\"><span lang=\"&quot;ES-TRAD&quot;\">\u00a0<\/span><\/p>\n<p class=\"&quot;MsoNormal&quot;\"><span lang=\"&quot;ES-TRAD&quot;\">Nadadores:<\/span><\/p>\n<ul type=\"&quot;disc&quot;\">\n<li class=\"&quot;MsoNormal&quot;\"><span lang=\"&quot;ES-TRAD&quot;\">Nombre completo de todos los participantes<\/span><\/li>\n<li class=\"&quot;MsoNormal&quot;\"><span lang=\"&quot;ES-TRAD&quot;\">Fecha de nacimiento, categor\u00eda y sexo.<\/span><\/li>\n<li class=\"&quot;MsoNormal&quot;\"><span lang=\"&quot;ES-TRAD&quot;\">N\u00bade pruebas y tiempo registrado en la misma.<\/span><\/li>\n<\/ul>\n<p class=\"&quot;MsoNormal&quot;\"><span lang=\"&quot;ES-TRAD&quot;\">\u00a0<\/span><\/p>\n<p><\/p>","protected":false},"excerpt":{"rendered":"<p>COPA AUSTRAL DE NATACION <\/p>\n<p>CONVOCATORIA<br \/>\nLa Confederaci\u00f3n Argentina de Nataci\u00f3n realizar\u00e1 la  Copa Austral de Nataci\u00f3n en la piscina del CLUB ATLETICO ALL BOYS, Ciudad DE SANTA ROSA, LA PAMPA LOS DIAS  21 \u201322 y 23 de Noviembre de 2015<\/p>\n","protected":false},"author":28,"featured_media":0,"comment_status":"open","ping_status":"closed","sticky":false,"template":"","format":"standard","meta":{"_acf_changed":false,"footnotes":""},"categories":[88],"tags":[],"class_list":["post-17949","post","type-post","status-publish","format-standard","hentry","category-informacion"],"acf":[],"_links":{"self":[{"href":"https:\/\/fepada.org\/index.php?rest_route=\/wp\/v2\/posts\/17949","targetHints":{"allow":["GET"]}}],"collection":[{"href":"https:\/\/fepada.org\/index.php?rest_route=\/wp\/v2\/posts"}],"about":[{"href":"https:\/\/fepada.org\/index.php?rest_route=\/wp\/v2\/types\/post"}],"author":[{"embeddable":true,"href":"https:\/\/fepada.org\/index.php?rest_route=\/wp\/v2\/users\/28"}],"replies":[{"embeddable":true,"href":"https:\/\/fepada.org\/index.php?rest_route=%2Fwp%2Fv2%2Fcomments&post=17949"}],"version-history":[{"count":2,"href":"https:\/\/fepada.org\/index.php?rest_route=\/wp\/v2\/posts\/17949\/revisions"}],"predecessor-version":[{"id":51722,"href":"https:\/\/fepada.org\/index.php?rest_route=\/wp\/v2\/posts\/17949\/revisions\/51722"}],"wp:attachment":[{"href":"https:\/\/fepada.org\/index.php?rest_route=%2Fwp%2Fv2%2Fmedia&parent=17949"}],"wp:term":[{"taxonomy":"category","embeddable":true,"href":"https:\/\/fepada.org\/index.php?rest_route=%2Fwp%2Fv2%2Fcategories&post=17949"},{"taxonomy":"post_tag","embeddable":true,"href":"https:\/\/fepada.org\/index.php?rest_route=%2Fwp%2Fv2%2Ftags&post=17949"}],"curies":[{"name":"wp","href":"https:\/\/api.w.org\/{rel}","templated":true}]}}